{"id":12959,"date":"2022-10-10T16:03:40","date_gmt":"2022-10-10T16:03:40","guid":{"rendered":"https:\/\/www.odigo.com\/fr-fr\/?post_type=news&amp;p=12959"},"modified":"2022-10-10T16:03:40","modified_gmt":"2022-10-10T16:03:40","slug":"odigo-present-au-congres-des-donneurs-de-voix","status":"publish","type":"news","link":"https:\/\/odigo.com\/fr\/news\/odigo-present-au-congres-des-donneurs-de-voix\/","title":{"rendered":"Odigo, pr\u00e9sent au Congr\u00e8s des Donneurs de Voix !"},"content":{"rendered":"\n\n    <section\n        class=\"  section article-body news-article-body article-white \">\n\n                <div class=\"container\">\n            <div class=\"row\">\n\n                <div class=\"col-12 article-text\">\n                    \n\n<p>Le vendredi 23 septembre a eu lieu le Congr\u00e8s des Biblioth\u00e8ques Sonores pour les 50 ans de l\u2019association. C\u2019\u00e9tait l\u2019occasion de remettre le 12\u00e8me prix Litt\u00e9raire National de l\u2019Audiolecture. Fr\u00e9d\u00e9ric Baptiste a remport\u00e9 le prix avec \u00ab Laur\u00e9at \u00bb, un roman original avec une histoire touchante.<\/p>\n\n\n\n<p>Odigo soutient l\u2019association des Donneurs de Voix depuis 2 ans \u00e0 travers un m\u00e9c\u00e9nat financier. La raison d\u2019\u00eatre de l\u2019association est de donner acc\u00e8s \u00e0 la lecture aux personnes emp\u00each\u00e9es de lire (non-voyants, malvoyants, personnes souffrant de dyslexie, etc.). Une utopie qui r\u00e9sonne avec nos valeurs, et l\u2019histoire pr\u00e9dominante de la voix dans notre solution.<\/p>\n\n\n\n<p>Par ailleurs, les collaborateurs volontaires viennent nourrir le catalogue des livres mis \u00e0 disposition des b\u00e9n\u00e9ficiaires avec l\u2019enregistrement de livre audio collectifs. Le dernier livre enregistr\u00e9 \u00e9tait \u201cUne vie \u00e0 coucher dehors\u201d \u00e9crit par Sylvain Tesson.<\/p>\n\n\n    <section>\n        <div class=\"buttons-block\">\n            <div class=\"container\">\n                <div class=\"buttons buttons--horizontal\">\n                    <a class=\"button-icon\" href=\"https:\/\/smartlink.ausha.co\/lifeatodigo\" id=\"tracking\">D\u00e9couvrir le livre audio<\/a>\n                                    <\/div>\n            <\/div>\n        <\/div>\n    <\/section>\n\t\n\n\n<p><\/p>\n\n\n\n<p>\u00c0 la suite de cet atelier accompagn\u00e9 par les coachs b\u00e9n\u00e9voles de Donneurs de Voix, Rodolphe Maraval partage son exp\u00e9rience : \u00ab J&rsquo;ai trouv\u00e9 mon exp\u00e9rience avec l\u2019association Donneurs de Voix tr\u00e8s enrichissante. En effet, au-del\u00e0 de la contribution aux personnes ne pouvant plus lire, ce f\u00fbt \u00e9galement une fa\u00e7on de \u00ab s&rsquo;oxyg\u00e9ner \u00bb dans le cadre semi-professionnel et ainsi de d\u00e9couvrir un univers particulier. J\u2019ai pu constater que de lire \u00e0 voix haute en respectant la ponctuation, les intonations d\u2019un livre pour respecter l&rsquo;essence de l&rsquo;\u00e9criture cela s&rsquo;apprend ! Cependant, avec de la pratique et surtout les conseils bienveillants de notre coach j\u2019ai progress\u00e9 dans ce domaine, ce qui au quotidien est b\u00e9n\u00e9fique pour mes diff\u00e9rentes prises de parole (meetings, conf\u00e9rences). Je recommande vivement cette exp\u00e9rience qui certes, prend un peu de temps, mais pour laquelle les b\u00e9n\u00e9fices sont multiples \u00bb.<\/p>\n\n\n\n<p>Les 10 volontaires de la 6\u00e8me session attaqueront la formation de Donneurs de Voix, pour enregistrer le livre \u201c\u00catre un homme\u201d par Nicolas Krauss<\/p>\n\n\n\n<p><\/p>\n\n                <\/div>\n\n            <\/div>\n        <\/div>\n\n    <\/section>\n    ","protected":false},"excerpt":{"rendered":"","protected":false},"author":1,"featured_media":12963,"template":"","meta":{"_acf_changed":false,"external_url":"","publisher_name":"","footnotes":"","reading_time":""},"tags":[],"news-type":[],"topic":[],"class_list":["post-12959","news","type-news","status-publish","has-post-thumbnail","hentry"],"acf":{"news-external-url":"","news-publisher-name":""},"yoast_head":"<!-- This site is optimized with the Yoast SEO plugin v27.5 - https:\/\/yoast.com\/product\/yoast-seo-wordpress\/ -->\n<title>Odigo \u00e9tait pr\u00e9sent au Congr\u00e8s des Donneurs de Voix<\/title>\n<meta name=\"description\" content=\"Odigo soutient les Donneurs de Voix depuis 2 ans, une association qui donne acc\u00e8s \u00e0 la lecture aux personnes emp\u00each\u00e9es de lire.\" \/>\n<meta name=\"robots\" content=\"index, follow, max-snippet:-1, max-image-preview:large, max-video-preview:-1\" \/>\n<link rel=\"canonical\" href=\"https:\/\/odigo.com\/fr\/news\/odigo-present-au-congres-des-donneurs-de-voix\/\" \/>\n<meta property=\"og:locale\" content=\"fr_FR\" \/>\n<meta property=\"og:type\" content=\"article\" \/>\n<meta property=\"og:title\" content=\"Odigo \u00e9tait pr\u00e9sent au Congr\u00e8s des Donneurs de Voix\" \/>\n<meta property=\"og:description\" content=\"Odigo soutient les Donneurs de Voix depuis 2 ans, une association qui donne acc\u00e8s \u00e0 la lecture aux personnes emp\u00each\u00e9es de lire.\" \/>\n<meta property=\"og:url\" content=\"https:\/\/odigo.com\/fr\/news\/odigo-present-au-congres-des-donneurs-de-voix\/\" \/>\n<meta property=\"og:site_name\" content=\"Odigo\" \/>\n<meta property=\"og:image\" content=\"https:\/\/odigo.com\/wp-content\/uploads\/2022\/10\/MicrosoftTeams-image-3.png\" \/>\n\t<meta property=\"og:image:width\" content=\"600\" \/>\n\t<meta property=\"og:image:height\" content=\"400\" \/>\n\t<meta property=\"og:image:type\" content=\"image\/png\" \/>\n<meta name=\"twitter:card\" content=\"summary_large_image\" \/>\n<meta name=\"twitter:label1\" content=\"Dur\u00e9e de lecture estim\u00e9e\" \/>\n\t<meta name=\"twitter:data1\" content=\"2 minutes\" \/>\n<script type=\"application\/ld+json\" class=\"yoast-schema-graph\">{\"@context\":\"https:\\\/\\\/schema.org\",\"@graph\":[{\"@type\":\"WebPage\",\"@id\":\"https:\\\/\\\/odigo.com\\\/fr\\\/news\\\/odigo-present-au-congres-des-donneurs-de-voix\\\/\",\"url\":\"https:\\\/\\\/odigo.com\\\/fr\\\/news\\\/odigo-present-au-congres-des-donneurs-de-voix\\\/\",\"name\":\"Odigo \u00e9tait pr\u00e9sent au Congr\u00e8s des Donneurs de Voix\",\"isPartOf\":{\"@id\":\"https:\\\/\\\/odigo.com\\\/fr\\\/#website\"},\"primaryImageOfPage\":{\"@id\":\"https:\\\/\\\/odigo.com\\\/fr\\\/news\\\/odigo-present-au-congres-des-donneurs-de-voix\\\/#primaryimage\"},\"image\":{\"@id\":\"https:\\\/\\\/odigo.com\\\/fr\\\/news\\\/odigo-present-au-congres-des-donneurs-de-voix\\\/#primaryimage\"},\"thumbnailUrl\":\"https:\\\/\\\/odigo.com\\\/wp-content\\\/uploads\\\/2022\\\/10\\\/MicrosoftTeams-image-3.png\",\"datePublished\":\"2022-10-10T16:03:40+00:00\",\"description\":\"Odigo soutient les Donneurs de Voix depuis 2 ans, une association qui donne acc\u00e8s \u00e0 la lecture aux personnes emp\u00each\u00e9es de lire.\",\"breadcrumb\":{\"@id\":\"https:\\\/\\\/odigo.com\\\/fr\\\/news\\\/odigo-present-au-congres-des-donneurs-de-voix\\\/#breadcrumb\"},\"inLanguage\":\"fr-FR\",\"potentialAction\":[{\"@type\":\"ReadAction\",\"target\":[\"https:\\\/\\\/odigo.com\\\/fr\\\/news\\\/odigo-present-au-congres-des-donneurs-de-voix\\\/\"]}]},{\"@type\":\"ImageObject\",\"inLanguage\":\"fr-FR\",\"@id\":\"https:\\\/\\\/odigo.com\\\/fr\\\/news\\\/odigo-present-au-congres-des-donneurs-de-voix\\\/#primaryimage\",\"url\":\"https:\\\/\\\/odigo.com\\\/wp-content\\\/uploads\\\/2022\\\/10\\\/MicrosoftTeams-image-3.png\",\"contentUrl\":\"https:\\\/\\\/odigo.com\\\/wp-content\\\/uploads\\\/2022\\\/10\\\/MicrosoftTeams-image-3.png\",\"width\":600,\"height\":400},{\"@type\":\"BreadcrumbList\",\"@id\":\"https:\\\/\\\/odigo.com\\\/fr\\\/news\\\/odigo-present-au-congres-des-donneurs-de-voix\\\/#breadcrumb\",\"itemListElement\":[{\"@type\":\"ListItem\",\"position\":1,\"name\":\"Accueil\",\"item\":\"https:\\\/\\\/odigo.com\\\/fr\\\/\"},{\"@type\":\"ListItem\",\"position\":2,\"name\":\"Actualit\u00e9s\",\"item\":\"https:\\\/\\\/odigo.com\\\/fr\\\/news\\\/\"},{\"@type\":\"ListItem\",\"position\":3,\"name\":\"Odigo, pr\u00e9sent au Congr\u00e8s des Donneurs de Voix !\"}]},{\"@type\":\"WebSite\",\"@id\":\"https:\\\/\\\/odigo.com\\\/fr\\\/#website\",\"url\":\"https:\\\/\\\/odigo.com\\\/fr\\\/\",\"name\":\"Odigo\",\"description\":\"\",\"publisher\":{\"@id\":\"https:\\\/\\\/odigo.com\\\/fr\\\/#organization\"},\"potentialAction\":[{\"@type\":\"SearchAction\",\"target\":{\"@type\":\"EntryPoint\",\"urlTemplate\":\"https:\\\/\\\/odigo.com\\\/fr\\\/?s={search_term_string}\"},\"query-input\":{\"@type\":\"PropertyValueSpecification\",\"valueRequired\":true,\"valueName\":\"search_term_string\"}}],\"inLanguage\":\"fr-FR\"},{\"@type\":\"Organization\",\"@id\":\"https:\\\/\\\/odigo.com\\\/fr\\\/#organization\",\"name\":\"Odigo\",\"url\":\"https:\\\/\\\/odigo.com\\\/fr\\\/\",\"logo\":{\"@type\":\"ImageObject\",\"inLanguage\":\"fr-FR\",\"@id\":\"https:\\\/\\\/odigo.com\\\/fr\\\/#\\\/schema\\\/logo\\\/image\\\/\",\"url\":\"https:\\\/\\\/odigo.com\\\/wp-content\\\/uploads\\\/2026\\\/03\\\/logo-odigo.svg\",\"contentUrl\":\"https:\\\/\\\/odigo.com\\\/wp-content\\\/uploads\\\/2026\\\/03\\\/logo-odigo.svg\",\"width\":142,\"height\":63,\"caption\":\"Odigo\"},\"image\":{\"@id\":\"https:\\\/\\\/odigo.com\\\/fr\\\/#\\\/schema\\\/logo\\\/image\\\/\"}}]}<\/script>\n<!-- \/ Yoast SEO plugin. -->","yoast_head_json":{"title":"Odigo \u00e9tait pr\u00e9sent au Congr\u00e8s des Donneurs de Voix","description":"Odigo soutient les Donneurs de Voix depuis 2 ans, une association qui donne acc\u00e8s \u00e0 la lecture aux personnes emp\u00each\u00e9es de lire.","robots":{"index":"index","follow":"follow","max-snippet":"max-snippet:-1","max-image-preview":"max-image-preview:large","max-video-preview":"max-video-preview:-1"},"canonical":"https:\/\/odigo.com\/fr\/news\/odigo-present-au-congres-des-donneurs-de-voix\/","og_locale":"fr_FR","og_type":"article","og_title":"Odigo \u00e9tait pr\u00e9sent au Congr\u00e8s des Donneurs de Voix","og_description":"Odigo soutient les Donneurs de Voix depuis 2 ans, une association qui donne acc\u00e8s \u00e0 la lecture aux personnes emp\u00each\u00e9es de lire.","og_url":"https:\/\/odigo.com\/fr\/news\/odigo-present-au-congres-des-donneurs-de-voix\/","og_site_name":"Odigo","og_image":[{"width":600,"height":400,"url":"https:\/\/odigo.com\/wp-content\/uploads\/2022\/10\/MicrosoftTeams-image-3.png","type":"image\/png"}],"twitter_card":"summary_large_image","twitter_misc":{"Dur\u00e9e de lecture estim\u00e9e":"2 minutes"},"schema":{"@context":"https:\/\/schema.org","@graph":[{"@type":"WebPage","@id":"https:\/\/odigo.com\/fr\/news\/odigo-present-au-congres-des-donneurs-de-voix\/","url":"https:\/\/odigo.com\/fr\/news\/odigo-present-au-congres-des-donneurs-de-voix\/","name":"Odigo \u00e9tait pr\u00e9sent au Congr\u00e8s des Donneurs de Voix","isPartOf":{"@id":"https:\/\/odigo.com\/fr\/#website"},"primaryImageOfPage":{"@id":"https:\/\/odigo.com\/fr\/news\/odigo-present-au-congres-des-donneurs-de-voix\/#primaryimage"},"image":{"@id":"https:\/\/odigo.com\/fr\/news\/odigo-present-au-congres-des-donneurs-de-voix\/#primaryimage"},"thumbnailUrl":"https:\/\/odigo.com\/wp-content\/uploads\/2022\/10\/MicrosoftTeams-image-3.png","datePublished":"2022-10-10T16:03:40+00:00","description":"Odigo soutient les Donneurs de Voix depuis 2 ans, une association qui donne acc\u00e8s \u00e0 la lecture aux personnes emp\u00each\u00e9es de lire.","breadcrumb":{"@id":"https:\/\/odigo.com\/fr\/news\/odigo-present-au-congres-des-donneurs-de-voix\/#breadcrumb"},"inLanguage":"fr-FR","potentialAction":[{"@type":"ReadAction","target":["https:\/\/odigo.com\/fr\/news\/odigo-present-au-congres-des-donneurs-de-voix\/"]}]},{"@type":"ImageObject","inLanguage":"fr-FR","@id":"https:\/\/odigo.com\/fr\/news\/odigo-present-au-congres-des-donneurs-de-voix\/#primaryimage","url":"https:\/\/odigo.com\/wp-content\/uploads\/2022\/10\/MicrosoftTeams-image-3.png","contentUrl":"https:\/\/odigo.com\/wp-content\/uploads\/2022\/10\/MicrosoftTeams-image-3.png","width":600,"height":400},{"@type":"BreadcrumbList","@id":"https:\/\/odigo.com\/fr\/news\/odigo-present-au-congres-des-donneurs-de-voix\/#breadcrumb","itemListElement":[{"@type":"ListItem","position":1,"name":"Accueil","item":"https:\/\/odigo.com\/fr\/"},{"@type":"ListItem","position":2,"name":"Actualit\u00e9s","item":"https:\/\/odigo.com\/fr\/news\/"},{"@type":"ListItem","position":3,"name":"Odigo, pr\u00e9sent au Congr\u00e8s des Donneurs de Voix !"}]},{"@type":"WebSite","@id":"https:\/\/odigo.com\/fr\/#website","url":"https:\/\/odigo.com\/fr\/","name":"Odigo","description":"","publisher":{"@id":"https:\/\/odigo.com\/fr\/#organization"},"potentialAction":[{"@type":"SearchAction","target":{"@type":"EntryPoint","urlTemplate":"https:\/\/odigo.com\/fr\/?s={search_term_string}"},"query-input":{"@type":"PropertyValueSpecification","valueRequired":true,"valueName":"search_term_string"}}],"inLanguage":"fr-FR"},{"@type":"Organization","@id":"https:\/\/odigo.com\/fr\/#organization","name":"Odigo","url":"https:\/\/odigo.com\/fr\/","logo":{"@type":"ImageObject","inLanguage":"fr-FR","@id":"https:\/\/odigo.com\/fr\/#\/schema\/logo\/image\/","url":"https:\/\/odigo.com\/wp-content\/uploads\/2026\/03\/logo-odigo.svg","contentUrl":"https:\/\/odigo.com\/wp-content\/uploads\/2026\/03\/logo-odigo.svg","width":142,"height":63,"caption":"Odigo"},"image":{"@id":"https:\/\/odigo.com\/fr\/#\/schema\/logo\/image\/"}}]}},"_links":{"self":[{"href":"https:\/\/odigo.com\/fr\/wp-json\/wp\/v2\/news\/12959","targetHints":{"allow":["GET"]}}],"collection":[{"href":"https:\/\/odigo.com\/fr\/wp-json\/wp\/v2\/news"}],"about":[{"href":"https:\/\/odigo.com\/fr\/wp-json\/wp\/v2\/types\/news"}],"author":[{"embeddable":true,"href":"https:\/\/odigo.com\/fr\/wp-json\/wp\/v2\/users\/1"}],"version-history":[{"count":0,"href":"https:\/\/odigo.com\/fr\/wp-json\/wp\/v2\/news\/12959\/revisions"}],"wp:featuredmedia":[{"embeddable":true,"href":"https:\/\/odigo.com\/fr\/wp-json\/wp\/v2\/media\/12963"}],"wp:attachment":[{"href":"https:\/\/odigo.com\/fr\/wp-json\/wp\/v2\/media?parent=12959"}],"wp:term":[{"taxonomy":"post_tag","embeddable":true,"href":"https:\/\/odigo.com\/fr\/wp-json\/wp\/v2\/tags?post=12959"},{"taxonomy":"news-type","embeddable":true,"href":"https:\/\/odigo.com\/fr\/wp-json\/wp\/v2\/news-type?post=12959"},{"taxonomy":"topic","embeddable":true,"href":"https:\/\/odigo.com\/fr\/wp-json\/wp\/v2\/topic?post=12959"}],"curies":[{"name":"wp","href":"https:\/\/api.w.org\/{rel}","templated":true}]}}