{"id":14394,"date":"2023-02-28T08:55:45","date_gmt":"2023-02-28T08:55:45","guid":{"rendered":"https:\/\/www.odigo.com\/fr-fr\/?post_type=news&amp;p=14394"},"modified":"2023-02-28T08:55:45","modified_gmt":"2023-02-28T08:55:45","slug":"une-troisieme-edition-des-engagement-days-reussie","status":"publish","type":"news","link":"https:\/\/odigo.com\/fr\/news\/une-troisieme-edition-des-engagement-days-reussie\/","title":{"rendered":"Une troisi\u00e8me \u00e9dition des Engagement Days r\u00e9ussie\u202f!"},"content":{"rendered":"\n\n\n<div style=\"height:100px\" aria-hidden=\"true\" class=\"wp-block-spacer\"><\/div>\n\n\n    <section\n        class=\"  section article-body news-article-body article-white \">\n\n                <div class=\"container\">\n            <div class=\"row\">\n\n                <div class=\"col-12 article-text\">\n                    \n\n<p>C\u2019est encore un beau succ\u00e8s pour la 3<sup>\u00e8me<\/sup> \u00e9dition des Engagement Days en France. \u200bParmi \u200bles enjeux de philant\u200bh\u200bropie sociale de son programme de Responsabilit\u00e9 Sociale des Entreprises (RSE) <strong>\u00ab\u202fCommittedTogether\u202f\u00bb<\/strong>, Odigo offre \u00e0 ses collaborateurs volontaires une demi-journ\u00e9e pour aider \u200bde mani\u00e8re \u200bconcr\u00e8te une association et ses b\u00e9n\u00e9ficiaires. Une belle illustration de nos valeurs qui s\u2019incarne\u200bnt\u200b au quotidien : ouverture, humanit\u00e9 et engagement.&nbsp;<\/p>\n\n\n\n<p>71 collaborateurs d\u2019Odigo, toutes divisions confondues, ont pu s\u2019investir aupr\u00e8s de cinq associations situ\u00e9es pr\u00e8s de nos sites de Montpellier, Lyon, Rouen ainsi qu\u2019en r\u00e9gion parisienne. 97 % des collaborateurs volontaires ont d\u00e9clar\u00e9 souhaiter de nouveau participer \u00e0 ces ateliers. Du c\u00f4t\u00e9 des associations, les responsables ont estim\u00e9 que 100 % de leurs attentes ont \u00e9t\u00e9 combl\u00e9es jugeant important l\u2019impact pour les b\u00e9n\u00e9ficiaires.&nbsp;&nbsp;&nbsp;&nbsp;<\/p>\n\n\n\n<p>Les Engagement Days ont \u00e9t\u00e9 l\u2019occasion pour Odigo de s\u2019investir une nouvelle fois dans le quotidien de cinq associations lors de ces demi-journ\u00e9es d\u00e9di\u00e9es.&nbsp;&nbsp;&nbsp;<\/p>\n\n\n\n<p>Au cours de notre visite matinale \u00e0 l\u2019association <a href=\"https:\/\/apajh.site-solocal.com\/\" target=\"_blank\" rel=\"noreferrer noopener\">A.P.A.J.H<\/a>, qui s\u2019engage en faveur de l\u2019int\u00e9gration des personnes en situation de handicap dans la soci\u00e9t\u00e9, nous avons pu nous mettre dans la peau des travailleurs de l\u2019association. Ils ont fait d\u00e9couvrir leurs conditions de travail autour d\u2019une activit\u00e9 de cr\u00e9ation de panneaux d\u00e9coratifs destin\u00e9s aux locaux de l\u2019association.&nbsp;<\/p>\n\n\n\n<p>D\u00e9couvrez aussi le t\u00e9moignage d\u2019Anna\u00efck Duwattez, Chief People Officer, qui nous explique les Engagement Days lors de sa participation avec l\u2019association A.P.A.J.H situ\u00e9 \u00e0 Levallois Perret. &nbsp;<\/p>\n\n\n\n<div style=\"height:50px\" aria-hidden=\"true\" class=\"wp-block-spacer\"><\/div>\n\n\n\n<figure class=\"wp-block-embed aligncenter is-type-video is-provider-youtube wp-block-embed-youtube wp-embed-aspect-16-9 wp-has-aspect-ratio\"><div class=\"wp-block-embed__wrapper\">\n<iframe title=\"Odigo participe \u00e0 une journ\u00e9e solidaire \u00e0 l&#039;ESAT Levallois\" width=\"1200\" height=\"675\" src=\"https:\/\/www.youtube.com\/embed\/_RwDPbnjhOc?feature=oembed\" frameborder=\"0\" allow=\"accelerometer; autoplay; clipboard-write; encrypted-media; gyroscope; picture-in-picture; web-share\" referrerpolicy=\"strict-origin-when-cross-origin\" allowfullscreen><\/iframe>\n<\/div><\/figure>\n\n\n\n<div style=\"height:50px\" aria-hidden=\"true\" class=\"wp-block-spacer\"><\/div>\n\n\n\n<p>Nos collaborateurs ont partag\u00e9 une matin\u00e9e conviviale avec les membres de l\u2019association&nbsp;<a href=\"https:\/\/www.lalignevertuose.com\/\" target=\"_blank\" rel=\"noreferrer noopener\">\u00ab La Ligne Vertuose \u00bb<\/a>. N\u00e9e d\u2019une d\u00e9marche \u00e9co-solidaire, cette association finance un projet d\u2019avenir pour les personnes en rupture sociale dans la r\u00e9gion Rh\u00f4ne-Alpes tout en donnant une seconde vie \u00e0 des chutes de menuiserie en concevant du mobilier design. Dans cette optique, un atelier de cr\u00e9ation de meubles en bois et en mat\u00e9riaux upcycl\u00e9 a \u00e9t\u00e9 organis\u00e9, en collaboration avec les personnes en insertion. La demi-journ\u00e9e s\u2019est termin\u00e9e agr\u00e9ablement autour d\u2019un d\u00e9jeuner chaleureux rassemblant tous les participants.&nbsp;&nbsp;&nbsp;<\/p>\n\n\n\n<div style=\"height:50px\" aria-hidden=\"true\" class=\"wp-block-spacer\"><\/div>\n\n\n\n<figure class=\"wp-block-image aligncenter size-large is-resized\"><img fetchpriority=\"high\" decoding=\"async\" src=\"https:\/\/odigo.com\/wp-content\/uploads\/2023\/02\/La-Ligne-Vertuose.jpg?w=960\" alt=\"\" class=\"wp-image-14407\" width=\"627\" height=\"351\"\/><\/figure>\n\n\n\n<div style=\"height:50px\" aria-hidden=\"true\" class=\"wp-block-spacer\"><\/div>\n\n\n\n<p>Une rencontre conviviale et dynamique a eu lieu avec les membres de l\u2019association <a href=\"https:\/\/www.1000et1partages.org\/\" target=\"_blank\" rel=\"noreferrer noopener\">\u00ab Mille et un Partages \u00bb<\/a>. Elle accompagne les enfants et les familles du quartier de la Mosson \u00e0 Montpellier en leur proposant un espace de vie sociale. Au cours de notre visite, les participants ont pris part en \u00e9quipes \u00e0 un escape game sensoriel avec des m\u00e8res du quartier : un moment riche en interactions entre nos collaborateurs et les membres de l\u2019association qui a aussi laiss\u00e9 place au rire.&nbsp;<\/p>\n\n\n\n<p>De son c\u00f4t\u00e9, l\u2019association <a href=\"https:\/\/www.france-terre-asile.org\/\" target=\"_blank\" rel=\"noreferrer noopener\">France Terre d\u2019Asile<\/a> nous a invit\u00e9s \u00e0 un chantier de r\u00e9novation des locaux de l\u2019association, le temps d\u2019un apr\u00e8s-midi. Une activit\u00e9 gr\u00e2ce \u00e0 laquelle nous avons d\u00e9couvert le quotidien et les aspirations des membres de l\u2019association dont la mission est de promouvoir le droit d&rsquo;asile en France, tout en fournissant une assistance sociale et administrative aux demandeurs d&rsquo;asile.&nbsp;<\/p>\n\n\n\n<div style=\"height:50px\" aria-hidden=\"true\" class=\"wp-block-spacer\"><\/div>\n\n\n\n<figure class=\"wp-block-image aligncenter size-large is-resized\"><img decoding=\"async\" src=\"https:\/\/odigo.com\/wp-content\/uploads\/2023\/02\/France-Terre-dAsile.jpeg?w=960\" alt=\"\" class=\"wp-image-14408\" width=\"560\" height=\"420\" srcset=\"https:\/\/odigo.com\/wp-content\/uploads\/2023\/02\/France-Terre-dAsile.jpeg 1600w, https:\/\/odigo.com\/wp-content\/uploads\/2023\/02\/France-Terre-dAsile-300x225.jpeg 300w, https:\/\/odigo.com\/wp-content\/uploads\/2023\/02\/France-Terre-dAsile-1024x768.jpeg 1024w, https:\/\/odigo.com\/wp-content\/uploads\/2023\/02\/France-Terre-dAsile-768x576.jpeg 768w, https:\/\/odigo.com\/wp-content\/uploads\/2023\/02\/France-Terre-dAsile-1536x1152.jpeg 1536w\" sizes=\"(max-width: 560px) 100vw, 560px\" \/><\/figure>\n\n\n\n<p>Enfin, nous sommes intervenus aupr\u00e8s de l\u2019association <a href=\"https:\/\/www.helloasso.com\/associations\/hai-lylyne\" target=\"_blank\" rel=\"noreferrer noopener\">Ha\u00ef-lylyne<\/a> qui \u0153uvre pour l\u2019initiative et le soutien des projets artistiques et culturels aupr\u00e8s de personnes en situation de handicap ainsi que leurs familles. Nos collaborateurs ont partag\u00e9 cette demi-journ\u00e9e avec des femmes en situation de pr\u00e9carit\u00e9 autour d\u2019un atelier anim\u00e9 par une socio-esth\u00e9ticienne. Ils ont confectionn\u00e9 des produits d\u2019hygi\u00e8ne et de beaut\u00e9 acc\u00e8s sur le z\u00e9ro-d\u00e9chet pour les sensibiliser au \u00ab fait-maison \u00bb et \u00e0 la protection de l\u2019environnement. Un vrai moment de convivialit\u00e9 et de bien-\u00eatre !&nbsp;<\/p>\n\n\n\n<div style=\"height:50px\" aria-hidden=\"true\" class=\"wp-block-spacer\"><\/div>\n\n\n\n<p><\/p>\n\n\n\n<figure class=\"wp-block-image aligncenter size-large is-resized\"><img decoding=\"async\" src=\"https:\/\/odigo.com\/wp-content\/uploads\/2023\/02\/IMG-0296.jpg?w=768\" alt=\"\" class=\"wp-image-14410\" width=\"384\" height=\"503\"\/><\/figure>\n\n\n\n<div style=\"height:50px\" aria-hidden=\"true\" class=\"wp-block-spacer\"><\/div>\n\n\n\n<p>Pour les associations, faciliter les partenariats avec des entreprises bienveillantes comme Odigo favorise l\u2019insertion des personnes dans le besoin, tout en contribuant au d\u00e9veloppement des \u00e9changes et de l\u2019apprentissage. Ces journ\u00e9es solidaires se sont r\u00e9v\u00e9l\u00e9es riches en termes d\u2019interactions et de d\u00e9couvertes. De plus, les collaborateurs d\u2019Odigo ont \u00e9t\u00e9 particuli\u00e8rement touch\u00e9s par l&rsquo;accueil des associations et de leurs b\u00e9n\u00e9ficiaires.&nbsp;<\/p>\n\n                <\/div>\n\n            <\/div>\n        <\/div>\n\n    <\/section>\n    ","protected":false},"excerpt":{"rendered":"<p>Odigo s\u2019est illustr\u00e9 une nouvelle fois en organisant l\u2019\u00e9v\u00e9nement annuel Engagement Days, un programme de volontariat avec des associations partenaires pour cr\u00e9er des liens avec les personnes d\u00e9favoris\u00e9es. Une opportunit\u00e9 pour Odigo d\u2019aider les plus d\u00e9munis tout en renfor\u00e7ant ses valeurs d\u2019entreprise.\u00a0\u00a0<\/p>\n","protected":false},"author":1,"featured_media":14404,"template":"","meta":{"_acf_changed":false,"external_url":"","publisher_name":"","footnotes":"","reading_time":""},"tags":[],"news-type":[152],"topic":[],"class_list":["post-14394","news","type-news","status-publish","has-post-thumbnail","hentry","news-type-news"],"acf":{"news-external-url":"","news-publisher-name":""},"yoast_head":"<!-- This site is optimized with the Yoast SEO plugin v27.5 - https:\/\/yoast.com\/product\/yoast-seo-wordpress\/ -->\n<title>Odigo participe \u00e0 la 3\u00e8me \u00e9dition des Engagements Days<\/title>\n<meta name=\"description\" content=\"Une 3\u00e8me participation r\u00e9ussie pour Odigo aux Engagements Days. L\u2019occasion de renforcer nos valeurs d\u2019entreprise et notre engagement RSE.\" \/>\n<meta name=\"robots\" content=\"index, follow, max-snippet:-1, max-image-preview:large, max-video-preview:-1\" \/>\n<link rel=\"canonical\" href=\"https:\/\/odigo.com\/fr\/news\/une-troisieme-edition-des-engagement-days-reussie\/\" \/>\n<meta property=\"og:locale\" content=\"fr_FR\" \/>\n<meta property=\"og:type\" content=\"article\" \/>\n<meta property=\"og:title\" content=\"Odigo participe \u00e0 la 3\u00e8me \u00e9dition des Engagements Days\" \/>\n<meta property=\"og:description\" content=\"Une 3\u00e8me participation r\u00e9ussie pour Odigo aux Engagements Days. L\u2019occasion de renforcer nos valeurs d\u2019entreprise et notre engagement RSE.\" \/>\n<meta property=\"og:url\" content=\"https:\/\/odigo.com\/fr\/news\/une-troisieme-edition-des-engagement-days-reussie\/\" \/>\n<meta property=\"og:site_name\" content=\"Odigo\" \/>\n<meta property=\"og:image\" content=\"https:\/\/odigo.com\/wp-content\/uploads\/2023\/02\/French-article-Engagement-Days.jpeg\" \/>\n\t<meta property=\"og:image:width\" content=\"600\" \/>\n\t<meta property=\"og:image:height\" content=\"400\" \/>\n\t<meta property=\"og:image:type\" content=\"image\/jpeg\" \/>\n<meta name=\"twitter:card\" content=\"summary_large_image\" \/>\n<meta name=\"twitter:label1\" content=\"Dur\u00e9e de lecture estim\u00e9e\" \/>\n\t<meta name=\"twitter:data1\" content=\"4 minutes\" \/>\n<script type=\"application\/ld+json\" class=\"yoast-schema-graph\">{\"@context\":\"https:\\\/\\\/schema.org\",\"@graph\":[{\"@type\":\"WebPage\",\"@id\":\"https:\\\/\\\/odigo.com\\\/fr\\\/news\\\/une-troisieme-edition-des-engagement-days-reussie\\\/\",\"url\":\"https:\\\/\\\/odigo.com\\\/fr\\\/news\\\/une-troisieme-edition-des-engagement-days-reussie\\\/\",\"name\":\"Odigo participe \u00e0 la 3\u00e8me \u00e9dition des Engagements Days\",\"isPartOf\":{\"@id\":\"https:\\\/\\\/odigo.com\\\/fr\\\/#website\"},\"primaryImageOfPage\":{\"@id\":\"https:\\\/\\\/odigo.com\\\/fr\\\/news\\\/une-troisieme-edition-des-engagement-days-reussie\\\/#primaryimage\"},\"image\":{\"@id\":\"https:\\\/\\\/odigo.com\\\/fr\\\/news\\\/une-troisieme-edition-des-engagement-days-reussie\\\/#primaryimage\"},\"thumbnailUrl\":\"https:\\\/\\\/odigo.com\\\/wp-content\\\/uploads\\\/2023\\\/02\\\/French-article-Engagement-Days.jpeg\",\"datePublished\":\"2023-02-28T08:55:45+00:00\",\"description\":\"Une 3\u00e8me participation r\u00e9ussie pour Odigo aux Engagements Days. L\u2019occasion de renforcer nos valeurs d\u2019entreprise et notre engagement RSE.\",\"breadcrumb\":{\"@id\":\"https:\\\/\\\/odigo.com\\\/fr\\\/news\\\/une-troisieme-edition-des-engagement-days-reussie\\\/#breadcrumb\"},\"inLanguage\":\"fr-FR\",\"potentialAction\":[{\"@type\":\"ReadAction\",\"target\":[\"https:\\\/\\\/odigo.com\\\/fr\\\/news\\\/une-troisieme-edition-des-engagement-days-reussie\\\/\"]}]},{\"@type\":\"ImageObject\",\"inLanguage\":\"fr-FR\",\"@id\":\"https:\\\/\\\/odigo.com\\\/fr\\\/news\\\/une-troisieme-edition-des-engagement-days-reussie\\\/#primaryimage\",\"url\":\"https:\\\/\\\/odigo.com\\\/wp-content\\\/uploads\\\/2023\\\/02\\\/French-article-Engagement-Days.jpeg\",\"contentUrl\":\"https:\\\/\\\/odigo.com\\\/wp-content\\\/uploads\\\/2023\\\/02\\\/French-article-Engagement-Days.jpeg\",\"width\":600,\"height\":400},{\"@type\":\"BreadcrumbList\",\"@id\":\"https:\\\/\\\/odigo.com\\\/fr\\\/news\\\/une-troisieme-edition-des-engagement-days-reussie\\\/#breadcrumb\",\"itemListElement\":[{\"@type\":\"ListItem\",\"position\":1,\"name\":\"Accueil\",\"item\":\"https:\\\/\\\/odigo.com\\\/fr\\\/\"},{\"@type\":\"ListItem\",\"position\":2,\"name\":\"Actualit\u00e9s\",\"item\":\"https:\\\/\\\/odigo.com\\\/fr\\\/news\\\/\"},{\"@type\":\"ListItem\",\"position\":3,\"name\":\"Une troisi\u00e8me \u00e9dition des Engagement Days r\u00e9ussie\u202f!\"}]},{\"@type\":\"WebSite\",\"@id\":\"https:\\\/\\\/odigo.com\\\/fr\\\/#website\",\"url\":\"https:\\\/\\\/odigo.com\\\/fr\\\/\",\"name\":\"Odigo\",\"description\":\"\",\"publisher\":{\"@id\":\"https:\\\/\\\/odigo.com\\\/fr\\\/#organization\"},\"potentialAction\":[{\"@type\":\"SearchAction\",\"target\":{\"@type\":\"EntryPoint\",\"urlTemplate\":\"https:\\\/\\\/odigo.com\\\/fr\\\/?s={search_term_string}\"},\"query-input\":{\"@type\":\"PropertyValueSpecification\",\"valueRequired\":true,\"valueName\":\"search_term_string\"}}],\"inLanguage\":\"fr-FR\"},{\"@type\":\"Organization\",\"@id\":\"https:\\\/\\\/odigo.com\\\/fr\\\/#organization\",\"name\":\"Odigo\",\"url\":\"https:\\\/\\\/odigo.com\\\/fr\\\/\",\"logo\":{\"@type\":\"ImageObject\",\"inLanguage\":\"fr-FR\",\"@id\":\"https:\\\/\\\/odigo.com\\\/fr\\\/#\\\/schema\\\/logo\\\/image\\\/\",\"url\":\"https:\\\/\\\/odigo.com\\\/wp-content\\\/uploads\\\/2026\\\/03\\\/logo-odigo.svg\",\"contentUrl\":\"https:\\\/\\\/odigo.com\\\/wp-content\\\/uploads\\\/2026\\\/03\\\/logo-odigo.svg\",\"width\":142,\"height\":63,\"caption\":\"Odigo\"},\"image\":{\"@id\":\"https:\\\/\\\/odigo.com\\\/fr\\\/#\\\/schema\\\/logo\\\/image\\\/\"}}]}<\/script>\n<!-- \/ Yoast SEO plugin. -->","yoast_head_json":{"title":"Odigo participe \u00e0 la 3\u00e8me \u00e9dition des Engagements Days","description":"Une 3\u00e8me participation r\u00e9ussie pour Odigo aux Engagements Days. L\u2019occasion de renforcer nos valeurs d\u2019entreprise et notre engagement RSE.","robots":{"index":"index","follow":"follow","max-snippet":"max-snippet:-1","max-image-preview":"max-image-preview:large","max-video-preview":"max-video-preview:-1"},"canonical":"https:\/\/odigo.com\/fr\/news\/une-troisieme-edition-des-engagement-days-reussie\/","og_locale":"fr_FR","og_type":"article","og_title":"Odigo participe \u00e0 la 3\u00e8me \u00e9dition des Engagements Days","og_description":"Une 3\u00e8me participation r\u00e9ussie pour Odigo aux Engagements Days. L\u2019occasion de renforcer nos valeurs d\u2019entreprise et notre engagement RSE.","og_url":"https:\/\/odigo.com\/fr\/news\/une-troisieme-edition-des-engagement-days-reussie\/","og_site_name":"Odigo","og_image":[{"width":600,"height":400,"url":"https:\/\/odigo.com\/wp-content\/uploads\/2023\/02\/French-article-Engagement-Days.jpeg","type":"image\/jpeg"}],"twitter_card":"summary_large_image","twitter_misc":{"Dur\u00e9e de lecture estim\u00e9e":"4 minutes"},"schema":{"@context":"https:\/\/schema.org","@graph":[{"@type":"WebPage","@id":"https:\/\/odigo.com\/fr\/news\/une-troisieme-edition-des-engagement-days-reussie\/","url":"https:\/\/odigo.com\/fr\/news\/une-troisieme-edition-des-engagement-days-reussie\/","name":"Odigo participe \u00e0 la 3\u00e8me \u00e9dition des Engagements Days","isPartOf":{"@id":"https:\/\/odigo.com\/fr\/#website"},"primaryImageOfPage":{"@id":"https:\/\/odigo.com\/fr\/news\/une-troisieme-edition-des-engagement-days-reussie\/#primaryimage"},"image":{"@id":"https:\/\/odigo.com\/fr\/news\/une-troisieme-edition-des-engagement-days-reussie\/#primaryimage"},"thumbnailUrl":"https:\/\/odigo.com\/wp-content\/uploads\/2023\/02\/French-article-Engagement-Days.jpeg","datePublished":"2023-02-28T08:55:45+00:00","description":"Une 3\u00e8me participation r\u00e9ussie pour Odigo aux Engagements Days. L\u2019occasion de renforcer nos valeurs d\u2019entreprise et notre engagement RSE.","breadcrumb":{"@id":"https:\/\/odigo.com\/fr\/news\/une-troisieme-edition-des-engagement-days-reussie\/#breadcrumb"},"inLanguage":"fr-FR","potentialAction":[{"@type":"ReadAction","target":["https:\/\/odigo.com\/fr\/news\/une-troisieme-edition-des-engagement-days-reussie\/"]}]},{"@type":"ImageObject","inLanguage":"fr-FR","@id":"https:\/\/odigo.com\/fr\/news\/une-troisieme-edition-des-engagement-days-reussie\/#primaryimage","url":"https:\/\/odigo.com\/wp-content\/uploads\/2023\/02\/French-article-Engagement-Days.jpeg","contentUrl":"https:\/\/odigo.com\/wp-content\/uploads\/2023\/02\/French-article-Engagement-Days.jpeg","width":600,"height":400},{"@type":"BreadcrumbList","@id":"https:\/\/odigo.com\/fr\/news\/une-troisieme-edition-des-engagement-days-reussie\/#breadcrumb","itemListElement":[{"@type":"ListItem","position":1,"name":"Accueil","item":"https:\/\/odigo.com\/fr\/"},{"@type":"ListItem","position":2,"name":"Actualit\u00e9s","item":"https:\/\/odigo.com\/fr\/news\/"},{"@type":"ListItem","position":3,"name":"Une troisi\u00e8me \u00e9dition des Engagement Days r\u00e9ussie\u202f!"}]},{"@type":"WebSite","@id":"https:\/\/odigo.com\/fr\/#website","url":"https:\/\/odigo.com\/fr\/","name":"Odigo","description":"","publisher":{"@id":"https:\/\/odigo.com\/fr\/#organization"},"potentialAction":[{"@type":"SearchAction","target":{"@type":"EntryPoint","urlTemplate":"https:\/\/odigo.com\/fr\/?s={search_term_string}"},"query-input":{"@type":"PropertyValueSpecification","valueRequired":true,"valueName":"search_term_string"}}],"inLanguage":"fr-FR"},{"@type":"Organization","@id":"https:\/\/odigo.com\/fr\/#organization","name":"Odigo","url":"https:\/\/odigo.com\/fr\/","logo":{"@type":"ImageObject","inLanguage":"fr-FR","@id":"https:\/\/odigo.com\/fr\/#\/schema\/logo\/image\/","url":"https:\/\/odigo.com\/wp-content\/uploads\/2026\/03\/logo-odigo.svg","contentUrl":"https:\/\/odigo.com\/wp-content\/uploads\/2026\/03\/logo-odigo.svg","width":142,"height":63,"caption":"Odigo"},"image":{"@id":"https:\/\/odigo.com\/fr\/#\/schema\/logo\/image\/"}}]}},"_links":{"self":[{"href":"https:\/\/odigo.com\/fr\/wp-json\/wp\/v2\/news\/14394","targetHints":{"allow":["GET"]}}],"collection":[{"href":"https:\/\/odigo.com\/fr\/wp-json\/wp\/v2\/news"}],"about":[{"href":"https:\/\/odigo.com\/fr\/wp-json\/wp\/v2\/types\/news"}],"author":[{"embeddable":true,"href":"https:\/\/odigo.com\/fr\/wp-json\/wp\/v2\/users\/1"}],"version-history":[{"count":0,"href":"https:\/\/odigo.com\/fr\/wp-json\/wp\/v2\/news\/14394\/revisions"}],"wp:featuredmedia":[{"embeddable":true,"href":"https:\/\/odigo.com\/fr\/wp-json\/wp\/v2\/media\/14404"}],"wp:attachment":[{"href":"https:\/\/odigo.com\/fr\/wp-json\/wp\/v2\/media?parent=14394"}],"wp:term":[{"taxonomy":"post_tag","embeddable":true,"href":"https:\/\/odigo.com\/fr\/wp-json\/wp\/v2\/tags?post=14394"},{"taxonomy":"news-type","embeddable":true,"href":"https:\/\/odigo.com\/fr\/wp-json\/wp\/v2\/news-type?post=14394"},{"taxonomy":"topic","embeddable":true,"href":"https:\/\/odigo.com\/fr\/wp-json\/wp\/v2\/topic?post=14394"}],"curies":[{"name":"wp","href":"https:\/\/api.w.org\/{rel}","templated":true}]}}