{"id":14960,"date":"2023-03-30T11:44:15","date_gmt":"2023-03-30T11:44:15","guid":{"rendered":"https:\/\/www.odigo.com\/fr-fr\/?post_type=news&amp;p=14960"},"modified":"2023-03-30T11:44:15","modified_gmt":"2023-03-30T11:44:15","slug":"une-grande-mobilisation-pour-la-3eme-edition-du-mobility-challenge","status":"publish","type":"news","link":"https:\/\/odigo.com\/fr\/news\/une-grande-mobilisation-pour-la-3eme-edition-du-mobility-challenge\/","title":{"rendered":"Une grande mobilisation pour la 3\u00e8me \u00e9dition du Mobility Challenge !"},"content":{"rendered":"\n\n    <section\n        class=\"  section article-body news-article-body article-white \">\n\n                <div class=\"container\">\n            <div class=\"row\">\n\n                <div class=\"col-12 article-text\">\n                    \n\n<p>Dans le cadre de son programme de Responsabilit\u00e9 Sociale des Entreprises \u00ab\u00a0<a href=\"https:\/\/odigo.com\/about-us\/news\/committedtogether-engaging-with-our-communities\/\" target=\"_blank\" rel=\"noreferrer noopener\">CommittedTogether<\/a>\u00ab\u00a0, Odigo soutient de nombreuses associations et propose \u00e0 ses collaborateurs de s\u2019engager \u00e0 de nombreuses occasions.<\/p>\n\n\n\n<p>Un de nos temps forts annuels est le Mobility Challenge. Les collaborateurs volontaires se regroupent par \u00e9quipe de cinq pour faire autant de pas que possible sur plusieurs semaines pour soutenir une bonne cause.&nbsp;&nbsp;<\/p>\n\n\n\n<p>Cette ann\u00e9e, nos marcheurs devaient totaliser collectivement 23 000 000 pas en 14 jours\u202f! L\u2019objectif ayant \u00e9t\u00e9 atteint, le groupe<strong> Odigo a r\u00e9alis\u00e9 un don \u00e0 l&rsquo;association de la Croix-Rouge fran\u00e7aise pour soutenir ses actions de solidarit\u00e9 envers les populations touch\u00e9es par le tremblement de terre du 6 f\u00e9vrier 2023 et ses r\u00e9pliques en Turquie et en Syrie.<\/strong> La Croix-Rouge fran\u00e7aise s&rsquo;engage \u00e0 affecter l&rsquo;int\u00e9gralit\u00e9 du versement \u00e0 ses actions de solidarit\u00e9 envers les populations touch\u00e9es par le s\u00e9isme du 6 f\u00e9vrier 2023 et ses r\u00e9pliques en Turquie et en Syrie, <strong>soit directement, soit par l&rsquo;interm\u00e9diaire de la F\u00e9d\u00e9ration Internationale des Soci\u00e9t\u00e9s de la Croix-Rouge et du Croissant-Rouge (FICR), du Comit\u00e9 international de la Croix-Rouge (CICR), du Croissant-Rouge turc ou du Croissant-Rouge arabe syrien<\/strong>, jusqu\u2019au 31 d\u00e9cembre 2024.&nbsp;<\/p>\n\n\n\n<p>Un grand bravo aux <strong>217 participants<\/strong> r\u00e9partis en <strong>44 \u00e9quipes<\/strong> diff\u00e9rentes en France, en Espagne, aux Pays-Bas et au Royaume-Uni qui ont effectu\u00e9 <strong>33 092 094 pas<\/strong>, soit une distance de plus de <strong>23 164 kilom\u00e8tres\u202f!<\/strong> Cette nouvelle \u00e9dition du Mobility Challenge vient une fois de plus d\u00e9montrer que nous portons haut nos valeurs d\u2019humanit\u00e9 et d\u2019engagement.&nbsp;<\/p>\n\n\n\n<p><strong>Voici quelques t\u00e9moignages de participants au challenge:<\/strong><\/p>\n\n\n\n<p>\u00ab\u00a0Mon \u00e9quipe et moi-m\u00eame avons eu beaucoup de plaisir \u00e0 participer au d\u00e9fi de la mobilit\u00e9. Beaucoup d&rsquo;entre nous ont remplac\u00e9 les transports publics par la marche, ce qui nous a permis d&rsquo;\u00e9conomiser de l&rsquo;argent. &nbsp;Tout le monde y a gagn\u00e9 ! C&rsquo;\u00e9tait g\u00e9nial de se retrouver en \u00e9quipe et nous sommes tous impatients de recommencer\u00a0\u00bb, a d\u00e9clar\u00e9 Jasmine, HENNIS, repr\u00e9sentante du d\u00e9veloppement commercial pour Odigo. &nbsp;&nbsp;<\/p>\n\n\n\n<p>\u00ab\u00a0J&rsquo;ai beaucoup aim\u00e9 le d\u00e9fi de la mobilit\u00e9 ! J&rsquo;y participe depuis la premi\u00e8re \u00e9dition, chaque ann\u00e9e avec des coll\u00e8gues diff\u00e9rents. Au d\u00e9but, je m&rsquo;inscris toujours en me disant \u00ab\u00a0je ferai ce que je peux\u00a0\u00bb, et finalement je me laisse vite emporter par l&rsquo;esprit d&rsquo;\u00e9quipe et le c\u00f4t\u00e9 ludique de la comp\u00e9tition. Je me suis souvent retrouv\u00e9e \u00e0 marcher entre la cuisine et le salon le soir pour finir l&rsquo;objectif de la journ\u00e9e ! J&rsquo;ai pass\u00e9 un tr\u00e8s bon moment partag\u00e9 avec mes coll\u00e8gues \u00a0\u00bb a d\u00e9clar\u00e9 Sabine TROUILLET, Ing\u00e9nieur Produit Senior pour Odigo. &nbsp;&nbsp;<\/p>\n\n\n\n<p>\u00ab\u00a0J&rsquo;ai ador\u00e9 participer au Mobility Challenge d&rsquo;Odigo car ils ont un double objectif : la solidarit\u00e9 et la sant\u00e9. J&rsquo;esp\u00e8re qu&rsquo;avec notre contribution nous pourrons aider les personnes touch\u00e9es en Turquie et en Syrie.\u201d dit &nbsp;Jesus RODRIGUEZ MAESO, Head HR Spain, pour Odigo.&nbsp;<\/p>\n\n\n\n<p><\/p>\n\n                <\/div>\n\n            <\/div>\n        <\/div>\n\n    <\/section>\n    ","protected":false},"excerpt":{"rendered":"<p>Odigo est fier d&rsquo;annoncer le succ\u00e8s du Mobility Challenge 2023 dont l&rsquo;objectif \u00e9tait de r\u00e9aliser un maximum de pas afin de soutenir les victimes des tremblements de terre en Turquie et en Syrie.  <\/p>\n","protected":false},"author":1,"featured_media":15049,"template":"","meta":{"_acf_changed":false,"external_url":"","publisher_name":"","footnotes":"","reading_time":""},"tags":[],"news-type":[152],"topic":[],"class_list":["post-14960","news","type-news","status-publish","has-post-thumbnail","hentry","news-type-news"],"acf":{"news-external-url":"","news-publisher-name":""},"yoast_head":"<!-- This site is optimized with the Yoast SEO plugin v27.5 - https:\/\/yoast.com\/product\/yoast-seo-wordpress\/ -->\n<title>Un Mobility Challenge 2023 f\u00e9d\u00e9rateur<\/title>\n<meta name=\"description\" content=\"Odigo organise le Mobility Challenge 2023 et soutient la Croix-Rouge fran\u00e7aise aidant les populations turques et syriennes touch\u00e9es par le tremblement de terre\" \/>\n<meta name=\"robots\" content=\"index, follow, max-snippet:-1, max-image-preview:large, max-video-preview:-1\" \/>\n<link rel=\"canonical\" href=\"https:\/\/odigo.com\/fr\/news\/une-grande-mobilisation-pour-la-3eme-edition-du-mobility-challenge\/\" \/>\n<meta property=\"og:locale\" content=\"fr_FR\" \/>\n<meta property=\"og:type\" content=\"article\" \/>\n<meta property=\"og:title\" content=\"Un Mobility Challenge 2023 f\u00e9d\u00e9rateur\" \/>\n<meta property=\"og:description\" content=\"Odigo organise le Mobility Challenge 2023 et soutient la Croix-Rouge fran\u00e7aise aidant les populations turques et syriennes touch\u00e9es par le tremblement de terre\" \/>\n<meta property=\"og:url\" content=\"https:\/\/odigo.com\/fr\/news\/une-grande-mobilisation-pour-la-3eme-edition-du-mobility-challenge\/\" \/>\n<meta property=\"og:site_name\" content=\"Odigo\" \/>\n<meta property=\"og:image\" content=\"https:\/\/odigo.com\/wp-content\/uploads\/2023\/03\/Photos-a-integrer-dans-chaque-articles-1.jpg\" \/>\n\t<meta property=\"og:image:width\" content=\"600\" \/>\n\t<meta property=\"og:image:height\" content=\"400\" \/>\n\t<meta property=\"og:image:type\" content=\"image\/jpeg\" \/>\n<meta name=\"twitter:card\" content=\"summary_large_image\" \/>\n<meta name=\"twitter:label1\" content=\"Dur\u00e9e de lecture estim\u00e9e\" \/>\n\t<meta name=\"twitter:data1\" content=\"3 minutes\" \/>\n<script type=\"application\/ld+json\" class=\"yoast-schema-graph\">{\"@context\":\"https:\\\/\\\/schema.org\",\"@graph\":[{\"@type\":\"WebPage\",\"@id\":\"https:\\\/\\\/odigo.com\\\/fr\\\/news\\\/une-grande-mobilisation-pour-la-3eme-edition-du-mobility-challenge\\\/\",\"url\":\"https:\\\/\\\/odigo.com\\\/fr\\\/news\\\/une-grande-mobilisation-pour-la-3eme-edition-du-mobility-challenge\\\/\",\"name\":\"Un Mobility Challenge 2023 f\u00e9d\u00e9rateur\",\"isPartOf\":{\"@id\":\"https:\\\/\\\/odigo.com\\\/fr\\\/#website\"},\"primaryImageOfPage\":{\"@id\":\"https:\\\/\\\/odigo.com\\\/fr\\\/news\\\/une-grande-mobilisation-pour-la-3eme-edition-du-mobility-challenge\\\/#primaryimage\"},\"image\":{\"@id\":\"https:\\\/\\\/odigo.com\\\/fr\\\/news\\\/une-grande-mobilisation-pour-la-3eme-edition-du-mobility-challenge\\\/#primaryimage\"},\"thumbnailUrl\":\"https:\\\/\\\/odigo.com\\\/wp-content\\\/uploads\\\/2023\\\/03\\\/Photos-a-integrer-dans-chaque-articles-1.jpg\",\"datePublished\":\"2023-03-30T11:44:15+00:00\",\"description\":\"Odigo organise le Mobility Challenge 2023 et soutient la Croix-Rouge fran\u00e7aise aidant les populations turques et syriennes touch\u00e9es par le tremblement de terre\",\"breadcrumb\":{\"@id\":\"https:\\\/\\\/odigo.com\\\/fr\\\/news\\\/une-grande-mobilisation-pour-la-3eme-edition-du-mobility-challenge\\\/#breadcrumb\"},\"inLanguage\":\"fr-FR\",\"potentialAction\":[{\"@type\":\"ReadAction\",\"target\":[\"https:\\\/\\\/odigo.com\\\/fr\\\/news\\\/une-grande-mobilisation-pour-la-3eme-edition-du-mobility-challenge\\\/\"]}]},{\"@type\":\"ImageObject\",\"inLanguage\":\"fr-FR\",\"@id\":\"https:\\\/\\\/odigo.com\\\/fr\\\/news\\\/une-grande-mobilisation-pour-la-3eme-edition-du-mobility-challenge\\\/#primaryimage\",\"url\":\"https:\\\/\\\/odigo.com\\\/wp-content\\\/uploads\\\/2023\\\/03\\\/Photos-a-integrer-dans-chaque-articles-1.jpg\",\"contentUrl\":\"https:\\\/\\\/odigo.com\\\/wp-content\\\/uploads\\\/2023\\\/03\\\/Photos-a-integrer-dans-chaque-articles-1.jpg\",\"width\":600,\"height\":400},{\"@type\":\"BreadcrumbList\",\"@id\":\"https:\\\/\\\/odigo.com\\\/fr\\\/news\\\/une-grande-mobilisation-pour-la-3eme-edition-du-mobility-challenge\\\/#breadcrumb\",\"itemListElement\":[{\"@type\":\"ListItem\",\"position\":1,\"name\":\"Accueil\",\"item\":\"https:\\\/\\\/odigo.com\\\/fr\\\/\"},{\"@type\":\"ListItem\",\"position\":2,\"name\":\"Actualit\u00e9s\",\"item\":\"https:\\\/\\\/odigo.com\\\/fr\\\/news\\\/\"},{\"@type\":\"ListItem\",\"position\":3,\"name\":\"Une grande mobilisation pour la 3\u00e8me \u00e9dition du Mobility Challenge !\"}]},{\"@type\":\"WebSite\",\"@id\":\"https:\\\/\\\/odigo.com\\\/fr\\\/#website\",\"url\":\"https:\\\/\\\/odigo.com\\\/fr\\\/\",\"name\":\"Odigo\",\"description\":\"\",\"publisher\":{\"@id\":\"https:\\\/\\\/odigo.com\\\/fr\\\/#organization\"},\"potentialAction\":[{\"@type\":\"SearchAction\",\"target\":{\"@type\":\"EntryPoint\",\"urlTemplate\":\"https:\\\/\\\/odigo.com\\\/fr\\\/?s={search_term_string}\"},\"query-input\":{\"@type\":\"PropertyValueSpecification\",\"valueRequired\":true,\"valueName\":\"search_term_string\"}}],\"inLanguage\":\"fr-FR\"},{\"@type\":\"Organization\",\"@id\":\"https:\\\/\\\/odigo.com\\\/fr\\\/#organization\",\"name\":\"Odigo\",\"url\":\"https:\\\/\\\/odigo.com\\\/fr\\\/\",\"logo\":{\"@type\":\"ImageObject\",\"inLanguage\":\"fr-FR\",\"@id\":\"https:\\\/\\\/odigo.com\\\/fr\\\/#\\\/schema\\\/logo\\\/image\\\/\",\"url\":\"https:\\\/\\\/odigo.com\\\/wp-content\\\/uploads\\\/2026\\\/03\\\/logo-odigo.svg\",\"contentUrl\":\"https:\\\/\\\/odigo.com\\\/wp-content\\\/uploads\\\/2026\\\/03\\\/logo-odigo.svg\",\"width\":142,\"height\":63,\"caption\":\"Odigo\"},\"image\":{\"@id\":\"https:\\\/\\\/odigo.com\\\/fr\\\/#\\\/schema\\\/logo\\\/image\\\/\"}}]}<\/script>\n<!-- \/ Yoast SEO plugin. -->","yoast_head_json":{"title":"Un Mobility Challenge 2023 f\u00e9d\u00e9rateur","description":"Odigo organise le Mobility Challenge 2023 et soutient la Croix-Rouge fran\u00e7aise aidant les populations turques et syriennes touch\u00e9es par le tremblement de terre","robots":{"index":"index","follow":"follow","max-snippet":"max-snippet:-1","max-image-preview":"max-image-preview:large","max-video-preview":"max-video-preview:-1"},"canonical":"https:\/\/odigo.com\/fr\/news\/une-grande-mobilisation-pour-la-3eme-edition-du-mobility-challenge\/","og_locale":"fr_FR","og_type":"article","og_title":"Un Mobility Challenge 2023 f\u00e9d\u00e9rateur","og_description":"Odigo organise le Mobility Challenge 2023 et soutient la Croix-Rouge fran\u00e7aise aidant les populations turques et syriennes touch\u00e9es par le tremblement de terre","og_url":"https:\/\/odigo.com\/fr\/news\/une-grande-mobilisation-pour-la-3eme-edition-du-mobility-challenge\/","og_site_name":"Odigo","og_image":[{"width":600,"height":400,"url":"https:\/\/odigo.com\/wp-content\/uploads\/2023\/03\/Photos-a-integrer-dans-chaque-articles-1.jpg","type":"image\/jpeg"}],"twitter_card":"summary_large_image","twitter_misc":{"Dur\u00e9e de lecture estim\u00e9e":"3 minutes"},"schema":{"@context":"https:\/\/schema.org","@graph":[{"@type":"WebPage","@id":"https:\/\/odigo.com\/fr\/news\/une-grande-mobilisation-pour-la-3eme-edition-du-mobility-challenge\/","url":"https:\/\/odigo.com\/fr\/news\/une-grande-mobilisation-pour-la-3eme-edition-du-mobility-challenge\/","name":"Un Mobility Challenge 2023 f\u00e9d\u00e9rateur","isPartOf":{"@id":"https:\/\/odigo.com\/fr\/#website"},"primaryImageOfPage":{"@id":"https:\/\/odigo.com\/fr\/news\/une-grande-mobilisation-pour-la-3eme-edition-du-mobility-challenge\/#primaryimage"},"image":{"@id":"https:\/\/odigo.com\/fr\/news\/une-grande-mobilisation-pour-la-3eme-edition-du-mobility-challenge\/#primaryimage"},"thumbnailUrl":"https:\/\/odigo.com\/wp-content\/uploads\/2023\/03\/Photos-a-integrer-dans-chaque-articles-1.jpg","datePublished":"2023-03-30T11:44:15+00:00","description":"Odigo organise le Mobility Challenge 2023 et soutient la Croix-Rouge fran\u00e7aise aidant les populations turques et syriennes touch\u00e9es par le tremblement de terre","breadcrumb":{"@id":"https:\/\/odigo.com\/fr\/news\/une-grande-mobilisation-pour-la-3eme-edition-du-mobility-challenge\/#breadcrumb"},"inLanguage":"fr-FR","potentialAction":[{"@type":"ReadAction","target":["https:\/\/odigo.com\/fr\/news\/une-grande-mobilisation-pour-la-3eme-edition-du-mobility-challenge\/"]}]},{"@type":"ImageObject","inLanguage":"fr-FR","@id":"https:\/\/odigo.com\/fr\/news\/une-grande-mobilisation-pour-la-3eme-edition-du-mobility-challenge\/#primaryimage","url":"https:\/\/odigo.com\/wp-content\/uploads\/2023\/03\/Photos-a-integrer-dans-chaque-articles-1.jpg","contentUrl":"https:\/\/odigo.com\/wp-content\/uploads\/2023\/03\/Photos-a-integrer-dans-chaque-articles-1.jpg","width":600,"height":400},{"@type":"BreadcrumbList","@id":"https:\/\/odigo.com\/fr\/news\/une-grande-mobilisation-pour-la-3eme-edition-du-mobility-challenge\/#breadcrumb","itemListElement":[{"@type":"ListItem","position":1,"name":"Accueil","item":"https:\/\/odigo.com\/fr\/"},{"@type":"ListItem","position":2,"name":"Actualit\u00e9s","item":"https:\/\/odigo.com\/fr\/news\/"},{"@type":"ListItem","position":3,"name":"Une grande mobilisation pour la 3\u00e8me \u00e9dition du Mobility Challenge !"}]},{"@type":"WebSite","@id":"https:\/\/odigo.com\/fr\/#website","url":"https:\/\/odigo.com\/fr\/","name":"Odigo","description":"","publisher":{"@id":"https:\/\/odigo.com\/fr\/#organization"},"potentialAction":[{"@type":"SearchAction","target":{"@type":"EntryPoint","urlTemplate":"https:\/\/odigo.com\/fr\/?s={search_term_string}"},"query-input":{"@type":"PropertyValueSpecification","valueRequired":true,"valueName":"search_term_string"}}],"inLanguage":"fr-FR"},{"@type":"Organization","@id":"https:\/\/odigo.com\/fr\/#organization","name":"Odigo","url":"https:\/\/odigo.com\/fr\/","logo":{"@type":"ImageObject","inLanguage":"fr-FR","@id":"https:\/\/odigo.com\/fr\/#\/schema\/logo\/image\/","url":"https:\/\/odigo.com\/wp-content\/uploads\/2026\/03\/logo-odigo.svg","contentUrl":"https:\/\/odigo.com\/wp-content\/uploads\/2026\/03\/logo-odigo.svg","width":142,"height":63,"caption":"Odigo"},"image":{"@id":"https:\/\/odigo.com\/fr\/#\/schema\/logo\/image\/"}}]}},"_links":{"self":[{"href":"https:\/\/odigo.com\/fr\/wp-json\/wp\/v2\/news\/14960","targetHints":{"allow":["GET"]}}],"collection":[{"href":"https:\/\/odigo.com\/fr\/wp-json\/wp\/v2\/news"}],"about":[{"href":"https:\/\/odigo.com\/fr\/wp-json\/wp\/v2\/types\/news"}],"author":[{"embeddable":true,"href":"https:\/\/odigo.com\/fr\/wp-json\/wp\/v2\/users\/1"}],"version-history":[{"count":0,"href":"https:\/\/odigo.com\/fr\/wp-json\/wp\/v2\/news\/14960\/revisions"}],"wp:featuredmedia":[{"embeddable":true,"href":"https:\/\/odigo.com\/fr\/wp-json\/wp\/v2\/media\/15049"}],"wp:attachment":[{"href":"https:\/\/odigo.com\/fr\/wp-json\/wp\/v2\/media?parent=14960"}],"wp:term":[{"taxonomy":"post_tag","embeddable":true,"href":"https:\/\/odigo.com\/fr\/wp-json\/wp\/v2\/tags?post=14960"},{"taxonomy":"news-type","embeddable":true,"href":"https:\/\/odigo.com\/fr\/wp-json\/wp\/v2\/news-type?post=14960"},{"taxonomy":"topic","embeddable":true,"href":"https:\/\/odigo.com\/fr\/wp-json\/wp\/v2\/topic?post=14960"}],"curies":[{"name":"wp","href":"https:\/\/api.w.org\/{rel}","templated":true}]}}