{"id":9565,"date":"2021-11-02T16:40:35","date_gmt":"2021-11-02T16:40:35","guid":{"rendered":"https:\/\/www.odigo.com\/fr-fr\/?post_type=news&amp;p=9565"},"modified":"2021-11-02T16:40:35","modified_gmt":"2021-11-02T16:40:35","slug":"odigo-present-au-congres-annuel-des-donneurs-de-voix","status":"publish","type":"news","link":"https:\/\/odigo.com\/fr\/news\/odigo-present-au-congres-annuel-des-donneurs-de-voix\/","title":{"rendered":"Odigo pr\u00e9sent au Congr\u00e8s annuel des Donneurs de voix"},"content":{"rendered":"\n\n    <section\n        class=\"  section article-body news-article-body article-white \">\n\n                <div class=\"container\">\n            <div class=\"row\">\n\n                <div class=\"col-12 article-text\">\n                    \n\n<p class=\"has-text-align-left\">Deux de nos ambassadeurs Odigo Culture (des collaborateurs de diff\u00e9rents pays et services qui repr\u00e9sentent l\u2019ensemble des employ\u00e9(e)s) \u00e9taient pr\u00e9sents \u00e0 cet \u00e9v\u00e9nement : Camille Waurzyniak, Employer Brand &amp; Internal Communication Manager, et Alain Mathon, Senior Service Delivery Manager, qui sont intervenus pour rappeler l\u2019engagement d\u2019Odigo et de ses salari\u00e9s dans ce partenariat. Une collaboration qui r\u00e9sonne avec nos valeurs, que sont l\u2019humain, l\u2019engagement et l&rsquo;ouverture, ainsi qu\u2019avec notre histoire dont la <strong>VOIX<\/strong> a toujours fait partie.<\/p>\n\n\n\n<div style=\"height:15px\" aria-hidden=\"true\" class=\"wp-block-spacer\"><\/div>\n\n\n\n<div class=\"wp-block-columns is-layout-flex wp-container-core-columns-is-layout-28f84493 wp-block-columns-is-layout-flex\">\n<div class=\"wp-block-column is-layout-flow wp-block-column-is-layout-flow\">\n<figure class=\"wp-block-image aligncenter size-full\"><img fetchpriority=\"high\" decoding=\"async\" width=\"328\" height=\"219\" src=\"https:\/\/odigo.com\/wp-content\/uploads\/2021\/11\/Picture2.jpg\" alt=\"\" class=\"wp-image-9568\" srcset=\"https:\/\/odigo.com\/wp-content\/uploads\/2021\/11\/Picture2.jpg 328w, https:\/\/odigo.com\/wp-content\/uploads\/2021\/11\/Picture2-300x200.jpg 300w\" sizes=\"(max-width: 328px) 100vw, 328px\" \/><\/figure>\n\n\n\n<p class=\"has-text-align-center\" style=\"font-size:11px\"> <span style=\"color:#ff3366\" class=\"has-inline-color\">Camille Waurzyniak <\/span><\/p>\n\n\n\n<p class=\"has-text-align-center\" style=\"font-size:11px\"> Employer Brand &amp; Internal Communication Manager <\/p>\n<\/div>\n\n\n\n<div class=\"wp-block-column is-layout-flow wp-block-column-is-layout-flow\">\n<figure class=\"wp-block-image aligncenter size-full\"><img decoding=\"async\" width=\"326\" height=\"217\" src=\"https:\/\/odigo.com\/wp-content\/uploads\/2021\/11\/Picture3.jpg\" alt=\"\" class=\"wp-image-9569\" srcset=\"https:\/\/odigo.com\/wp-content\/uploads\/2021\/11\/Picture3.jpg 326w, https:\/\/odigo.com\/wp-content\/uploads\/2021\/11\/Picture3-300x200.jpg 300w\" sizes=\"(max-width: 326px) 100vw, 326px\" \/><\/figure>\n\n\n\n<p class=\"has-text-align-center\" style=\"font-size:11px\"><mark style=\"background-color:rgba(0, 0, 0, 0);color:#ff3366\" class=\"has-inline-color\">Alain Mathon <\/mark> <\/p>\n\n\n\n<p class=\"has-text-align-center\" style=\"font-size:11px\">Senior Service Delivery Manager <\/p>\n<\/div>\n<\/div>\n\n\n\n<div style=\"height:40px\" aria-hidden=\"true\" class=\"wp-block-spacer\"><\/div>\n\n\n\n<p>Durant cette soir\u00e9e, 110 personnes pr\u00e9sentes dans la salle et 330 personnes \u00e0 distance sur YouTube ont eu la chance d&rsquo;\u00e9couter en avant-premi\u00e8re deux extraits de l\u2019enregistrement d\u2019un audio livre r\u00e9alis\u00e9 par nos volontaires Odigo, les \u00ab\u00a0<a href=\"https:\/\/podcast.ausha.co\/lifeatodigo\">Douze contes vagabonds<\/a>\u00a0\u00bb de Gabriel Garc\u00eda M\u00e1rquez pour le 1<sup>er<\/sup> groupe et \u00ab\u00a0<a href=\"https:\/\/podcast.ausha.co\/lifeatodigo\">Un gros bobard et autres racontars<\/a>\u00a0\u00bb de J\u00f8rn Riel pour le 2<sup>e<\/sup> groupe. Nous avons ensuite pu assister aux prises de parole de C\u00e9cile Besson, Senior Product Marketing Manager, et de Marie-H\u00e9l\u00e8ne Stephan, Quality Change &amp; Performance Analyst, toutes deux donneuses de voix Odigo.<\/p>\n\n\n\n<p>C\u00e9cile Besson s&rsquo;est dit<em> <\/em>\u00ab<em> ravie de participer \u00e0 cette aventure des Donneurs de Voix, pour le plaisir de la lecture tout d&rsquo;abord et pour la joie de partager cette lecture avec des personnes emp\u00each\u00e9es de lire <\/em>\u00bb. Ce congr\u00e8s a aussi \u00e9t\u00e9 \u00ab <em>une formidable occasion de rencontrer en pr\u00e9sentiel le cercle \u00e9tendu de b\u00e9n\u00e9voles des Donneurs de Voix : mon formateur Michel Le Lay que je remercie pour la qualit\u00e9 de son accompagnement, et plus de 100 b\u00e9n\u00e9voles motiv\u00e9s, enthousiastes et anim\u00e9s par ce m\u00eame beau projet <\/em>\u00bb.<\/p>\n\n\n\n<div style=\"height:15px\" aria-hidden=\"true\" class=\"wp-block-spacer\"><\/div>\n\n\n\n<figure class=\"wp-block-image aligncenter size-full is-resized\"><img decoding=\"async\" src=\"https:\/\/odigo.com\/wp-content\/uploads\/2021\/11\/Picture4-1.jpg\" alt=\"\" class=\"wp-image-9571\" width=\"372\" height=\"248\"\/><\/figure>\n\n\n\n<p class=\"has-text-align-center\" style=\"font-size:11px\"><mark style=\"background-color:rgba(0, 0, 0, 0);color:#ff3366\" class=\"has-inline-color\"> Marie-H\u00e9l\u00e8ne Stephan <\/mark>\u00e0 gauche sur la photo et <mark style=\"background-color:rgba(0, 0, 0, 0);color:#ff3366\" class=\"has-inline-color\">C\u00e9cile Besson<\/mark> \u00e0 droite. <\/p>\n\n\n\n<div style=\"height:20px\" aria-hidden=\"true\" class=\"wp-block-spacer\"><\/div>\n\n\n\n<p>\u00ab<em> J&rsquo;ai beaucoup appr\u00e9ci\u00e9 cette exp\u00e9rience enrichissante pour plusieurs raisons&nbsp;: le plaisir qu\u2019apporte de donner une partie de son temps et de sa voix pour une bonne cause, mais aussi de pouvoir partager une exp\u00e9rience avec d\u2019autres personnes <\/em>\u00bb<em>, <\/em>r\u00e9sume Marie-H\u00e9l\u00e8ne Stephan.\u00ab<em> \u00catre donneuse de voix m\u2019a beaucoup appris sur la lecture \u00e0 haute voix et sur moi-m\u00eame. Enfin, participer au congr\u00e8s et \u00e0 la remise du Prix Litt\u00e9raire National de l\u2019Audiolecture (PNLA), fut une belle occasion d\u2019\u00e9changer avec les b\u00e9n\u00e9voles de l\u2019association et de faire de belles rencontres durant toute la soir\u00e9e. <\/em>\u00bb<\/p>\n\n\n\n<p>Le congr\u00e8s annuel a aussi permis de r\u00e9v\u00e9ler la gagnante du 11<sup>e<\/sup> Prix Litt\u00e9raire National de l\u2019Audiolecture : Alexandra Koszelyk, pour son livre  \u00ab <a href=\"https:\/\/www.auxforgesdevulcain.fr\/collections\/fiction\/a-crier-dans-les-ruines\/\" target=\"_blank\" rel=\"noreferrer noopener\">\u00c0 crier dans les ruines<\/a>  \u00bb, aux \u00e9ditions <strong>Aux forges de Vulcain<\/strong>.<\/p>\n\n\n\n<p>Odigo est tr\u00e8s heureux d&rsquo;aider les Donneurs de Voix et d\u2019engager ses collaborateurs volontaires dans de beaux projets collectifs.<\/p>\n\n                <\/div>\n\n            <\/div>\n        <\/div>\n\n    <\/section>\n    ","protected":false},"excerpt":{"rendered":"<p>Le 25 septembre 2021, en tant que partenaire et m\u00e9c\u00e8ne de l\u2019Association des Donneurs de Voix, Odigo a particip\u00e9 au congr\u00e8s national des Biblioth\u00e8ques Sonores de France qui s\u2019est tenu \u00e0 Lyon. <\/p>\n","protected":false},"author":1,"featured_media":9567,"template":"","meta":{"_acf_changed":false,"external_url":"","publisher_name":"","footnotes":"","reading_time":""},"tags":[],"news-type":[152],"topic":[],"class_list":["post-9565","news","type-news","status-publish","has-post-thumbnail","hentry","news-type-news"],"acf":{"news-external-url":"","news-publisher-name":""},"yoast_head":"<!-- This site is optimized with the Yoast SEO plugin v27.5 - https:\/\/yoast.com\/product\/yoast-seo-wordpress\/ -->\n<title>L&#039;engagement d&#039;Odigo aupr\u00e8s de l&#039;Association des Donneurs de Voix<\/title>\n<meta name=\"description\" content=\"Odigo rappelle son engagement et celui de ses salari\u00e9s aupr\u00e8s des Donneurs de Voix au congr\u00e8s national des Biblioth\u00e8ques Sonores de France.\" \/>\n<meta name=\"robots\" content=\"index, follow, max-snippet:-1, max-image-preview:large, max-video-preview:-1\" \/>\n<link rel=\"canonical\" href=\"https:\/\/odigo.com\/fr\/news\/odigo-present-au-congres-annuel-des-donneurs-de-voix\/\" \/>\n<meta property=\"og:locale\" content=\"fr_FR\" \/>\n<meta property=\"og:type\" content=\"article\" \/>\n<meta property=\"og:title\" content=\"L&#039;engagement d&#039;Odigo aupr\u00e8s de l&#039;Association des Donneurs de Voix\" \/>\n<meta property=\"og:description\" content=\"Odigo rappelle son engagement et celui de ses salari\u00e9s aupr\u00e8s des Donneurs de Voix au congr\u00e8s national des Biblioth\u00e8ques Sonores de France.\" \/>\n<meta property=\"og:url\" content=\"https:\/\/odigo.com\/fr\/news\/odigo-present-au-congres-annuel-des-donneurs-de-voix\/\" \/>\n<meta property=\"og:site_name\" content=\"Odigo\" \/>\n<meta property=\"og:image\" content=\"https:\/\/odigo.com\/wp-content\/uploads\/2021\/11\/Picture1.jpg\" \/>\n\t<meta property=\"og:image:width\" content=\"439\" \/>\n\t<meta property=\"og:image:height\" content=\"293\" \/>\n\t<meta property=\"og:image:type\" content=\"image\/jpeg\" \/>\n<meta name=\"twitter:card\" content=\"summary_large_image\" \/>\n<meta name=\"twitter:label1\" content=\"Dur\u00e9e de lecture estim\u00e9e\" \/>\n\t<meta name=\"twitter:data1\" content=\"4 minutes\" \/>\n<script type=\"application\/ld+json\" class=\"yoast-schema-graph\">{\"@context\":\"https:\\\/\\\/schema.org\",\"@graph\":[{\"@type\":\"WebPage\",\"@id\":\"https:\\\/\\\/odigo.com\\\/fr\\\/news\\\/odigo-present-au-congres-annuel-des-donneurs-de-voix\\\/\",\"url\":\"https:\\\/\\\/odigo.com\\\/fr\\\/news\\\/odigo-present-au-congres-annuel-des-donneurs-de-voix\\\/\",\"name\":\"L'engagement d'Odigo aupr\u00e8s de l'Association des Donneurs de Voix\",\"isPartOf\":{\"@id\":\"https:\\\/\\\/odigo.com\\\/fr\\\/#website\"},\"primaryImageOfPage\":{\"@id\":\"https:\\\/\\\/odigo.com\\\/fr\\\/news\\\/odigo-present-au-congres-annuel-des-donneurs-de-voix\\\/#primaryimage\"},\"image\":{\"@id\":\"https:\\\/\\\/odigo.com\\\/fr\\\/news\\\/odigo-present-au-congres-annuel-des-donneurs-de-voix\\\/#primaryimage\"},\"thumbnailUrl\":\"https:\\\/\\\/odigo.com\\\/wp-content\\\/uploads\\\/2021\\\/11\\\/Picture1.jpg\",\"datePublished\":\"2021-11-02T16:40:35+00:00\",\"description\":\"Odigo rappelle son engagement et celui de ses salari\u00e9s aupr\u00e8s des Donneurs de Voix au congr\u00e8s national des Biblioth\u00e8ques Sonores de France.\",\"breadcrumb\":{\"@id\":\"https:\\\/\\\/odigo.com\\\/fr\\\/news\\\/odigo-present-au-congres-annuel-des-donneurs-de-voix\\\/#breadcrumb\"},\"inLanguage\":\"fr-FR\",\"potentialAction\":[{\"@type\":\"ReadAction\",\"target\":[\"https:\\\/\\\/odigo.com\\\/fr\\\/news\\\/odigo-present-au-congres-annuel-des-donneurs-de-voix\\\/\"]}]},{\"@type\":\"ImageObject\",\"inLanguage\":\"fr-FR\",\"@id\":\"https:\\\/\\\/odigo.com\\\/fr\\\/news\\\/odigo-present-au-congres-annuel-des-donneurs-de-voix\\\/#primaryimage\",\"url\":\"https:\\\/\\\/odigo.com\\\/wp-content\\\/uploads\\\/2021\\\/11\\\/Picture1.jpg\",\"contentUrl\":\"https:\\\/\\\/odigo.com\\\/wp-content\\\/uploads\\\/2021\\\/11\\\/Picture1.jpg\",\"width\":439,\"height\":293},{\"@type\":\"BreadcrumbList\",\"@id\":\"https:\\\/\\\/odigo.com\\\/fr\\\/news\\\/odigo-present-au-congres-annuel-des-donneurs-de-voix\\\/#breadcrumb\",\"itemListElement\":[{\"@type\":\"ListItem\",\"position\":1,\"name\":\"Accueil\",\"item\":\"https:\\\/\\\/odigo.com\\\/fr\\\/\"},{\"@type\":\"ListItem\",\"position\":2,\"name\":\"Actualit\u00e9s\",\"item\":\"https:\\\/\\\/odigo.com\\\/fr\\\/news\\\/\"},{\"@type\":\"ListItem\",\"position\":3,\"name\":\"Odigo pr\u00e9sent au Congr\u00e8s annuel des Donneurs de voix\"}]},{\"@type\":\"WebSite\",\"@id\":\"https:\\\/\\\/odigo.com\\\/fr\\\/#website\",\"url\":\"https:\\\/\\\/odigo.com\\\/fr\\\/\",\"name\":\"Odigo\",\"description\":\"\",\"publisher\":{\"@id\":\"https:\\\/\\\/odigo.com\\\/fr\\\/#organization\"},\"potentialAction\":[{\"@type\":\"SearchAction\",\"target\":{\"@type\":\"EntryPoint\",\"urlTemplate\":\"https:\\\/\\\/odigo.com\\\/fr\\\/?s={search_term_string}\"},\"query-input\":{\"@type\":\"PropertyValueSpecification\",\"valueRequired\":true,\"valueName\":\"search_term_string\"}}],\"inLanguage\":\"fr-FR\"},{\"@type\":\"Organization\",\"@id\":\"https:\\\/\\\/odigo.com\\\/fr\\\/#organization\",\"name\":\"Odigo\",\"url\":\"https:\\\/\\\/odigo.com\\\/fr\\\/\",\"logo\":{\"@type\":\"ImageObject\",\"inLanguage\":\"fr-FR\",\"@id\":\"https:\\\/\\\/odigo.com\\\/fr\\\/#\\\/schema\\\/logo\\\/image\\\/\",\"url\":\"https:\\\/\\\/odigo.com\\\/wp-content\\\/uploads\\\/2026\\\/03\\\/logo-odigo.svg\",\"contentUrl\":\"https:\\\/\\\/odigo.com\\\/wp-content\\\/uploads\\\/2026\\\/03\\\/logo-odigo.svg\",\"width\":142,\"height\":63,\"caption\":\"Odigo\"},\"image\":{\"@id\":\"https:\\\/\\\/odigo.com\\\/fr\\\/#\\\/schema\\\/logo\\\/image\\\/\"}}]}<\/script>\n<!-- \/ Yoast SEO plugin. -->","yoast_head_json":{"title":"L'engagement d'Odigo aupr\u00e8s de l'Association des Donneurs de Voix","description":"Odigo rappelle son engagement et celui de ses salari\u00e9s aupr\u00e8s des Donneurs de Voix au congr\u00e8s national des Biblioth\u00e8ques Sonores de France.","robots":{"index":"index","follow":"follow","max-snippet":"max-snippet:-1","max-image-preview":"max-image-preview:large","max-video-preview":"max-video-preview:-1"},"canonical":"https:\/\/odigo.com\/fr\/news\/odigo-present-au-congres-annuel-des-donneurs-de-voix\/","og_locale":"fr_FR","og_type":"article","og_title":"L'engagement d'Odigo aupr\u00e8s de l'Association des Donneurs de Voix","og_description":"Odigo rappelle son engagement et celui de ses salari\u00e9s aupr\u00e8s des Donneurs de Voix au congr\u00e8s national des Biblioth\u00e8ques Sonores de France.","og_url":"https:\/\/odigo.com\/fr\/news\/odigo-present-au-congres-annuel-des-donneurs-de-voix\/","og_site_name":"Odigo","og_image":[{"width":439,"height":293,"url":"https:\/\/odigo.com\/wp-content\/uploads\/2021\/11\/Picture1.jpg","type":"image\/jpeg"}],"twitter_card":"summary_large_image","twitter_misc":{"Dur\u00e9e de lecture estim\u00e9e":"4 minutes"},"schema":{"@context":"https:\/\/schema.org","@graph":[{"@type":"WebPage","@id":"https:\/\/odigo.com\/fr\/news\/odigo-present-au-congres-annuel-des-donneurs-de-voix\/","url":"https:\/\/odigo.com\/fr\/news\/odigo-present-au-congres-annuel-des-donneurs-de-voix\/","name":"L'engagement d'Odigo aupr\u00e8s de l'Association des Donneurs de Voix","isPartOf":{"@id":"https:\/\/odigo.com\/fr\/#website"},"primaryImageOfPage":{"@id":"https:\/\/odigo.com\/fr\/news\/odigo-present-au-congres-annuel-des-donneurs-de-voix\/#primaryimage"},"image":{"@id":"https:\/\/odigo.com\/fr\/news\/odigo-present-au-congres-annuel-des-donneurs-de-voix\/#primaryimage"},"thumbnailUrl":"https:\/\/odigo.com\/wp-content\/uploads\/2021\/11\/Picture1.jpg","datePublished":"2021-11-02T16:40:35+00:00","description":"Odigo rappelle son engagement et celui de ses salari\u00e9s aupr\u00e8s des Donneurs de Voix au congr\u00e8s national des Biblioth\u00e8ques Sonores de France.","breadcrumb":{"@id":"https:\/\/odigo.com\/fr\/news\/odigo-present-au-congres-annuel-des-donneurs-de-voix\/#breadcrumb"},"inLanguage":"fr-FR","potentialAction":[{"@type":"ReadAction","target":["https:\/\/odigo.com\/fr\/news\/odigo-present-au-congres-annuel-des-donneurs-de-voix\/"]}]},{"@type":"ImageObject","inLanguage":"fr-FR","@id":"https:\/\/odigo.com\/fr\/news\/odigo-present-au-congres-annuel-des-donneurs-de-voix\/#primaryimage","url":"https:\/\/odigo.com\/wp-content\/uploads\/2021\/11\/Picture1.jpg","contentUrl":"https:\/\/odigo.com\/wp-content\/uploads\/2021\/11\/Picture1.jpg","width":439,"height":293},{"@type":"BreadcrumbList","@id":"https:\/\/odigo.com\/fr\/news\/odigo-present-au-congres-annuel-des-donneurs-de-voix\/#breadcrumb","itemListElement":[{"@type":"ListItem","position":1,"name":"Accueil","item":"https:\/\/odigo.com\/fr\/"},{"@type":"ListItem","position":2,"name":"Actualit\u00e9s","item":"https:\/\/odigo.com\/fr\/news\/"},{"@type":"ListItem","position":3,"name":"Odigo pr\u00e9sent au Congr\u00e8s annuel des Donneurs de voix"}]},{"@type":"WebSite","@id":"https:\/\/odigo.com\/fr\/#website","url":"https:\/\/odigo.com\/fr\/","name":"Odigo","description":"","publisher":{"@id":"https:\/\/odigo.com\/fr\/#organization"},"potentialAction":[{"@type":"SearchAction","target":{"@type":"EntryPoint","urlTemplate":"https:\/\/odigo.com\/fr\/?s={search_term_string}"},"query-input":{"@type":"PropertyValueSpecification","valueRequired":true,"valueName":"search_term_string"}}],"inLanguage":"fr-FR"},{"@type":"Organization","@id":"https:\/\/odigo.com\/fr\/#organization","name":"Odigo","url":"https:\/\/odigo.com\/fr\/","logo":{"@type":"ImageObject","inLanguage":"fr-FR","@id":"https:\/\/odigo.com\/fr\/#\/schema\/logo\/image\/","url":"https:\/\/odigo.com\/wp-content\/uploads\/2026\/03\/logo-odigo.svg","contentUrl":"https:\/\/odigo.com\/wp-content\/uploads\/2026\/03\/logo-odigo.svg","width":142,"height":63,"caption":"Odigo"},"image":{"@id":"https:\/\/odigo.com\/fr\/#\/schema\/logo\/image\/"}}]}},"_links":{"self":[{"href":"https:\/\/odigo.com\/fr\/wp-json\/wp\/v2\/news\/9565","targetHints":{"allow":["GET"]}}],"collection":[{"href":"https:\/\/odigo.com\/fr\/wp-json\/wp\/v2\/news"}],"about":[{"href":"https:\/\/odigo.com\/fr\/wp-json\/wp\/v2\/types\/news"}],"author":[{"embeddable":true,"href":"https:\/\/odigo.com\/fr\/wp-json\/wp\/v2\/users\/1"}],"version-history":[{"count":0,"href":"https:\/\/odigo.com\/fr\/wp-json\/wp\/v2\/news\/9565\/revisions"}],"wp:featuredmedia":[{"embeddable":true,"href":"https:\/\/odigo.com\/fr\/wp-json\/wp\/v2\/media\/9567"}],"wp:attachment":[{"href":"https:\/\/odigo.com\/fr\/wp-json\/wp\/v2\/media?parent=9565"}],"wp:term":[{"taxonomy":"post_tag","embeddable":true,"href":"https:\/\/odigo.com\/fr\/wp-json\/wp\/v2\/tags?post=9565"},{"taxonomy":"news-type","embeddable":true,"href":"https:\/\/odigo.com\/fr\/wp-json\/wp\/v2\/news-type?post=9565"},{"taxonomy":"topic","embeddable":true,"href":"https:\/\/odigo.com\/fr\/wp-json\/wp\/v2\/topic?post=9565"}],"curies":[{"name":"wp","href":"https:\/\/api.w.org\/{rel}","templated":true}]}}